{"id":912,"date":"2026-05-01T10:40:03","date_gmt":"2026-05-01T08:40:03","guid":{"rendered":"https:\/\/www.plethorecars.fr\/magazine\/?p=912"},"modified":"2026-05-01T14:05:25","modified_gmt":"2026-05-01T12:05:25","slug":"rassemblement-porsche-et-alpine-a-golfe-juan-voitures-dexception-sur-la-cote-dazur","status":"publish","type":"post","link":"https:\/\/www.plethorecars.fr\/magazine\/event\/rassemblement-porsche-et-alpine-a-golfe-juan-voitures-dexception-sur-la-cote-dazur\/","title":{"rendered":"Rassemblement Porsche et Alpine \u00e0 Golfe-Juan : voitures d\u2019exception sur la C\u00f4te d\u2019Azur"},"content":{"rendered":"\n<p>Le dimanche 26 avril 2026, le front de mer de Golfe-Juan s\u2019est transform\u00e9 en un v\u00e9ritable mus\u00e9e \u00e0 ciel ouvert. \u00c0 l\u2019occasion de la journ\u00e9e nationale des v\u00e9hicules d\u2019\u00e9poque, plus de quarante voitures d\u2019exception \u2014 principalement des mod\u00e8les iconiques de Porsche et Alpine \u2014 ont \u00e9t\u00e9 r\u00e9unies dans un cadre exceptionnel entre mer et montagnes.<\/p>\n\n\n\n<p>Organis\u00e9 par Plethore Cars, en collaboration avec le Yacht Club du Port Camille Rayon et la ville de Vallauris Golfe-Juan, cet \u00e9v\u00e9nement a rassembl\u00e9 passionn\u00e9s, collectionneurs et amateurs d\u2019automobile autour d\u2019un plateau estim\u00e9 \u00e0 pr\u00e8s de 20 millions d\u2019euros.<\/p>\n\n\n\n<h2 class=\"wp-block-heading\">Un rassemblement automobile d\u2019envergure sur la C\u00f4te d\u2019Azur<\/h2>\n\n\n\n<p>Parti de la station de Gr\u00e9oli\u00e8res-les-Neiges, le cort\u00e8ge a travers\u00e9 les paysages embl\u00e9matiques de la C\u00f4te d\u2019Azur, reliant montagnes et littoral jusqu\u2019\u00e0 Golfe-Juan.<\/p>\n\n\n\n<p>Golfe-Juan confirme son attractivit\u00e9 en accueillant un \u00e9v\u00e9nement automobile majeur. Ce rassemblement a permis de r\u00e9unir une diversit\u00e9 rare de mod\u00e8les, allant des Alpines historiques aux derni\u00e8res g\u00e9n\u00e9rations de Porsche 911.<\/p>\n\n\n\n<p>Plusieurs clubs embl\u00e9matiques \u00e9taient pr\u00e9sents :<\/p>\n\n\n\n<ul class=\"wp-block-list\">\n<li>Alpine Drivers Club<\/li>\n\n\n\n<li>Porsche Club M\u00e9diterran\u00e9e<\/li>\n\n\n\n<li>Les Vieux Volants de Vallauris Golfe-Juan<\/li>\n<\/ul>\n\n\n\n<p>Cet \u00e9v\u00e9nement illustre la mont\u00e9e en puissance du march\u00e9 des voitures de collection en France et en Europe.<\/p>\n\n\n\n<h2 class=\"wp-block-heading\">Porsche et Alpine : deux l\u00e9gendes r\u00e9unies<\/h2>\n\n\n\n<p>L\u2019\u00e9v\u00e9nement a offert un panorama exceptionnel de l\u2019histoire automobile, entre patrimoine et performance.<\/p>\n\n\n\n<h3 class=\"wp-block-heading\">C\u00f4t\u00e9 Alpine<\/h3>\n\n\n\n<ul class=\"wp-block-list\">\n<li>Alpine A110 Pure<\/li>\n\n\n\n<li>Alpine A310 \u00e0 injection<\/li>\n\n\n\n<li>Berlinette de 1974 avec historique en rallye<\/li>\n\n\n\n<li>Et de nombreux autres mod\u00e8les<\/li>\n<\/ul>\n\n\n\n<h3 class=\"wp-block-heading\">C\u00f4t\u00e9 Porsche<\/h3>\n\n\n\n<ul class=\"wp-block-list\">\n<li>Porsche 964 Carrera 2<\/li>\n\n\n\n<li>Porsche 911 Type 992<\/li>\n\n\n\n<li>Plusieurs g\u00e9n\u00e9rations de 911 r\u00e9unies<\/li>\n<\/ul>\n\n\n\n<p>Ces mod\u00e8les t\u00e9moignent de l\u2019\u00e9volution des voitures sportives et de leur place centrale dans l\u2019univers de la collection.<\/p>\n\n\n\n<h2 class=\"wp-block-heading\">Un plateau estim\u00e9 \u00e0 20 millions d\u2019euros<\/h2>\n\n\n\n<p>Au-del\u00e0 de l\u2019esth\u00e9tique, ce rassemblement se distingue par la valeur exceptionnelle des v\u00e9hicules expos\u00e9s. Avec une estimation globale avoisinant les 20 millions d\u2019euros, l\u2019\u00e9v\u00e9nement confirme l\u2019int\u00e9r\u00eat croissant pour les voitures de collection comme actif tangible.<\/p>\n\n\n\n<p>Entre raret\u00e9, histoire et performance, ces automobiles incarnent une v\u00e9ritable passion, mais aussi un march\u00e9 structur\u00e9 et en pleine \u00e9volution.<\/p>\n\n\n\n<h2 class=\"wp-block-heading\">Une exp\u00e9rience immersive pour les passionn\u00e9s<\/h2>\n\n\n\n<p>L\u2019\u00e9v\u00e9nement ne s\u2019est pas limit\u00e9 \u00e0 une simple exposition. Une ambiance conviviale a rythm\u00e9 la journ\u00e9e gr\u00e2ce \u00e0 l\u2019animation musicale et \u00e0 la participation du public.<\/p>\n\n\n\n<p>Un concours \u201cCoup de C\u0153ur\u201d a permis de distinguer les mod\u00e8les les plus marquants :<\/p>\n\n\n\n<ul class=\"wp-block-list\">\n<li>Prix Porsche<\/li>\n\n\n\n<li>Prix Alpine<\/li>\n\n\n\n<li>Tirage au sort parmi les visiteurs<\/li>\n<\/ul>\n\n\n\n<p>Ce format interactif renforce l\u2019engagement autour de la passion automobile.<\/p>\n\n\n\n<h2 class=\"wp-block-heading\">Un \u00e9v\u00e9nement relay\u00e9 par la presse r\u00e9gionale<\/h2>\n\n\n\n<p>Ce rassemblement a \u00e9t\u00e9 relay\u00e9 par la presse locale, confirmant son impact \u00e0 l\u2019\u00e9chelle r\u00e9gionale.<\/p>\n\n\n\n<p>Le quotidien Nice-Matin a notamment consacr\u00e9 un article \u00e0 cette journ\u00e9e, mettant en avant la qualit\u00e9 du plateau et l\u2019organisation port\u00e9e par Plethore Cars.<\/p>\n\n\n\n<p>Cette couverture m\u00e9diatique renforce la cr\u00e9dibilit\u00e9 de l\u2019\u00e9v\u00e9nement et souligne son importance dans le paysage automobile de la C\u00f4te d\u2019Azur.<\/p>\n\n\n\n<h2 class=\"wp-block-heading\">Plethore Cars, acteur cl\u00e9 du march\u00e9<\/h2>\n\n\n\n<p>\u00c0 travers cet \u00e9v\u00e9nement, Plethore Cars confirme son positionnement en tant qu\u2019acteur de r\u00e9f\u00e9rence dans la vente et la valorisation de v\u00e9hicules de collection et de prestige.<\/p>\n\n\n\n<p>Bas\u00e9e sur la C\u00f4te d\u2019Azur, la soci\u00e9t\u00e9 accompagne ses clients en France et \u00e0 l\u2019international dans :<\/p>\n\n\n\n<ul class=\"wp-block-list\">\n<li>La vente de voitures d\u2019exception<\/li>\n\n\n\n<li>La mise en valeur de v\u00e9hicules rares<\/li>\n\n\n\n<li>L\u2019organisation d\u2019\u00e9v\u00e9nements automobiles<\/li>\n\n\n\n<li>La gestion de transactions s\u00e9curis\u00e9es<\/li>\n<\/ul>\n\n\n\n<p>Chaque v\u00e9hicule est trait\u00e9 avec une approche sur-mesure, combinant expertise, passion et exigence.<\/p>\n\n\n\n<h2 class=\"wp-block-heading\">Conclusion : un rendez-vous incontournable<\/h2>\n\n\n\n<p>Ce rassemblement \u00e0 Golfe-Juan s\u2019impose comme l\u2019un des \u00e9v\u00e9nements marquants de l\u2019ann\u00e9e 2026. Entre diversit\u00e9 des mod\u00e8les, qualit\u00e9 du plateau et couverture m\u00e9diatique, il illustre parfaitement la dynamique du march\u00e9 des voitures de collection.<\/p>\n\n\n\n<p>La C\u00f4te d\u2019Azur reste un territoire cl\u00e9 pour les passionn\u00e9s d\u2019automobile, et Plethore Cars entend bien continuer \u00e0 y jouer un r\u00f4le central.<\/p>\n\n\n\n<h2 class=\"wp-block-heading\">Confiez votre v\u00e9hicule \u00e0 Plethore Cars<\/h2>\n\n\n\n<p>Vous poss\u00e9dez un v\u00e9hicule de collection ou de prestige ?<\/p>\n\n\n\n<p>B\u00e9n\u00e9ficiez d\u2019un accompagnement sur-mesure pour maximiser sa valeur sur un march\u00e9 international exigeant :<\/p>\n\n\n\n<ul class=\"wp-block-list\">\n<li>Mise en valeur professionnelle (photos, storytelling, diffusion cibl\u00e9e)<\/li>\n\n\n\n<li>Acc\u00e8s \u00e0 un r\u00e9seau d\u2019acheteurs qualifi\u00e9s<\/li>\n\n\n\n<li>Gestion compl\u00e8te des demandes et transactions s\u00e9curis\u00e9es<\/li>\n\n\n\n<li>Possibilit\u00e9 d\u2019expertise ind\u00e9pendante et accompagnement logistique<\/li>\n<\/ul>\n\n\n\n<p>Donnez \u00e0 votre voiture la visibilit\u00e9 qu\u2019elle m\u00e9rite.<\/p>\n\n\n\n<p><strong>Contactez Plethore Cars pour une estimation confidentielle et sans engagement.<\/strong><\/p>\n\n\n\n<p><a href=\"https:\/\/www.plethorecars.fr\/estimer-gratuitement\">Demander une estimation<\/a><\/p>\n\n\n\n<p><a href=\"#\">Parler \u00e0 un expert<\/a><\/p>\n","protected":false},"excerpt":{"rendered":"<p>Le dimanche 26 avril 2026, le front de mer de Golfe-Juan s\u2019est transform\u00e9 en un &hellip; <\/p>\n","protected":false},"author":1,"featured_media":913,"comment_status":"closed","ping_status":"open","sticky":false,"template":"","format":"standard","meta":{"footnotes":""},"categories":[19],"tags":[],"class_list":["post-912","post","type-post","status-publish","format-standard","has-post-thumbnail","hentry","category-event"],"_links":{"self":[{"href":"https:\/\/www.plethorecars.fr\/magazine\/wp-json\/wp\/v2\/posts\/912","targetHints":{"allow":["GET"]}}],"collection":[{"href":"https:\/\/www.plethorecars.fr\/magazine\/wp-json\/wp\/v2\/posts"}],"about":[{"href":"https:\/\/www.plethorecars.fr\/magazine\/wp-json\/wp\/v2\/types\/post"}],"author":[{"embeddable":true,"href":"https:\/\/www.plethorecars.fr\/magazine\/wp-json\/wp\/v2\/users\/1"}],"replies":[{"embeddable":true,"href":"https:\/\/www.plethorecars.fr\/magazine\/wp-json\/wp\/v2\/comments?post=912"}],"version-history":[{"count":2,"href":"https:\/\/www.plethorecars.fr\/magazine\/wp-json\/wp\/v2\/posts\/912\/revisions"}],"predecessor-version":[{"id":915,"href":"https:\/\/www.plethorecars.fr\/magazine\/wp-json\/wp\/v2\/posts\/912\/revisions\/915"}],"wp:featuredmedia":[{"embeddable":true,"href":"https:\/\/www.plethorecars.fr\/magazine\/wp-json\/wp\/v2\/media\/913"}],"wp:attachment":[{"href":"https:\/\/www.plethorecars.fr\/magazine\/wp-json\/wp\/v2\/media?parent=912"}],"wp:term":[{"taxonomy":"category","embeddable":true,"href":"https:\/\/www.plethorecars.fr\/magazine\/wp-json\/wp\/v2\/categories?post=912"},{"taxonomy":"post_tag","embeddable":true,"href":"https:\/\/www.plethorecars.fr\/magazine\/wp-json\/wp\/v2\/tags?post=912"}],"curies":[{"name":"wp","href":"https:\/\/api.w.org\/{rel}","templated":true}]}}