{"id":551,"date":"2026-01-29T20:32:53","date_gmt":"2026-01-29T19:32:53","guid":{"rendered":"https:\/\/www.plethorecars.fr\/magazine\/?p=551"},"modified":"2026-01-29T20:50:45","modified_gmt":"2026-01-29T19:50:45","slug":"mercedes-benz-celebre-140-ans-la-ou-lautomobile-est-nee","status":"publish","type":"post","link":"https:\/\/www.plethorecars.fr\/magazine\/histoires-automobiles\/mercedes-benz-celebre-140-ans-la-ou-lautomobile-est-nee\/","title":{"rendered":"Mercedes-Benz c\u00e9l\u00e8bre 140 ans : l\u00e0 o\u00f9 l&rsquo;automobile est n\u00e9e"},"content":{"rendered":"\n<p>Il y a 140 ans, un homme inventait l&rsquo;automobile. Aujourd&rsquo;hui, son rival le plus illustre lui rend un hommage bouleversant. R\u00e9cit d&rsquo;une journ\u00e9e o\u00f9 l&rsquo;histoire automobile a vibr\u00e9 d&rsquo;une \u00e9motion rare.<\/p>\n\n\n\n<p>Il y a des dates que l&rsquo;on grave dans le marbre de l&rsquo;histoire. Le 29 janvier 1886, dans un atelier de Mannheim o\u00f9 flottait l&rsquo;odeur \u00e2cre de l&rsquo;huile de moteur et de la sciure de bois, un ing\u00e9nieur allemand nomm\u00e9 Carl Benz apposait sa signature sur un document qui allait bouleverser le cours de l&rsquo;humanit\u00e9. Le brevet n\u00b037435, d\u00e9pos\u00e9 ce jour-l\u00e0 aupr\u00e8s de l&rsquo;Office imp\u00e9rial des brevets de Berlin, d\u00e9crivait sobrement un \u00ab v\u00e9hicule \u00e0 moteur \u00e0 essence \u00bb. Sobrement. Comme si l&rsquo;on pouvait r\u00e9sumer en quelques lignes techniques l&rsquo;invention du r\u00eave de libert\u00e9 le plus puissant jamais con\u00e7u.<\/p>\n\n\n\n<p>Ce 29 janvier 2026, l&rsquo;automobile c\u00e9l\u00e8bre donc ses 140 ans. Un si\u00e8cle et quatre d\u00e9cennies de passion, d&rsquo;innovation, de vitesse et de beaut\u00e9. Mercedes-Benz, h\u00e9riti\u00e8re directe de ce souffle originel, marque l&rsquo;\u00e9v\u00e9nement avec la solennit\u00e9 que l&rsquo;on devine. Mais ce qui a fait vibrer les passionn\u00e9s du monde entier, ce qui a enflamm\u00e9 les r\u00e9seaux sociaux et r\u00e9chauff\u00e9 les c\u0153urs les plus endurcis, est venu d&rsquo;un endroit inattendu. De Zuffenhausen, tr\u00e8s pr\u00e9cis\u00e9ment. De Porsche.<\/p>\n\n\n\n<h2 class=\"wp-block-heading\"><strong>La gen\u00e8se : quand Carl Benz r\u00e9inventa le monde<\/strong><\/h2>\n\n\n\n<figure class=\"wp-block-image size-large\"><img loading=\"lazy\" decoding=\"async\" width=\"1024\" height=\"448\" src=\"https:\/\/www.plethorecars.fr\/magazine\/wp-content\/uploads\/2026\/01\/carl-und-berta-benz-1-1024x448.webp\" alt=\"Carl Benz\" class=\"wp-image-563\" srcset=\"https:\/\/www.plethorecars.fr\/magazine\/wp-content\/uploads\/2026\/01\/carl-und-berta-benz-1-1024x448.webp 1024w, https:\/\/www.plethorecars.fr\/magazine\/wp-content\/uploads\/2026\/01\/carl-und-berta-benz-1-300x131.webp 300w, https:\/\/www.plethorecars.fr\/magazine\/wp-content\/uploads\/2026\/01\/carl-und-berta-benz-1-768x336.webp 768w, https:\/\/www.plethorecars.fr\/magazine\/wp-content\/uploads\/2026\/01\/carl-und-berta-benz-1-1536x672.webp 1536w, https:\/\/www.plethorecars.fr\/magazine\/wp-content\/uploads\/2026\/01\/carl-und-berta-benz-1-18x8.webp 18w, https:\/\/www.plethorecars.fr\/magazine\/wp-content\/uploads\/2026\/01\/carl-und-berta-benz-1.webp 1920w\" sizes=\"auto, (max-width: 1024px) 100vw, 1024px\" \/><\/figure>\n\n\n\n<p>Pour comprendre la port\u00e9e de ce qui s&rsquo;est pass\u00e9 ce 29 janvier 2026, il faut revenir aux sources. \u00c0 cette Allemagne de la fin du XIXe si\u00e8cle, bouillonnante d&rsquo;inventeurs et de visionnaires. Carl Benz n&rsquo;\u00e9tait pas un r\u00eaveur ordinaire. C&rsquo;\u00e9tait un ing\u00e9nieur m\u00e9thodique, obs\u00e9d\u00e9 par une id\u00e9e fixe : cr\u00e9er un v\u00e9hicule qui ne d\u00e9pendrait ni du cheval, ni des rails, ni de la force humaine. Un v\u00e9hicule libre.<\/p>\n\n\n\n<p>Son Patent-Motorwagen, ce tricycle d&rsquo;apparence fragile avec son moteur monocylindre de 954 cm\u00b3 d\u00e9veloppant les 0,75 chevaux les plus r\u00e9volutionnaires de l&rsquo;histoire, \u00e9tait bien plus qu&rsquo;une machine. C&rsquo;\u00e9tait une promesse. Celle que l&rsquo;homme pourrait d\u00e9sormais aller o\u00f9 bon lui semble, quand il le souhaite, port\u00e9 par le rugissement \u2014 alors \u00e0 peine un murmure \u2014 d&rsquo;un moteur \u00e0 combustion interne.<\/p>\n\n\n\n<p>L&rsquo;histoire aurait pu s&rsquo;arr\u00eater l\u00e0, dans l&rsquo;indiff\u00e9rence polie des contemporains. Mais il y avait Bertha. Bertha Benz, l&rsquo;\u00e9pouse de Carl, comprit avant tout le monde ce que son mari avait cr\u00e9\u00e9. En ao\u00fbt 1888, \u00e0 l&rsquo;insu de ce dernier, elle s&#8217;empara du Motorwagen n\u00b03 avec ses deux fils adolescents et entreprit un voyage de 104 kilom\u00e8tres entre Mannheim et Pforzheim. Le premier road trip de l&rsquo;histoire. Une femme, deux gar\u00e7ons, une machine improbable, et les routes poussi\u00e9reuses du Bade-Wurtemberg. En chemin, Bertha dut s&rsquo;arr\u00eater dans une pharmacie de Wiesloch pour acheter du Ligroin \u2014 l&rsquo;essence de l&rsquo;\u00e9poque \u2014 faisant de cette officine la premi\u00e8re station-service du monde. Elle inventa \u00e9galement les garnitures de frein en cuir, improvisant une r\u00e9paration chez un cordonnier local.<\/p>\n\n\n\n<p>Pendant ce temps, \u00e0 soixante kilom\u00e8tres de l\u00e0, dans son atelier de Bad Cannstatt, un autre g\u00e9nie travaille sur une id\u00e9e similaire. Gottlieb Daimler, associ\u00e9 au brillant Wilhelm Maybach, d\u00e9veloppait son propre moteur \u00e0 combustion et l&rsquo;adaptait \u00e0 une voiture \u00e0 quatre roues. Deux visions parall\u00e8les, deux destins qui se croiseraient quarante ans plus tard, en 1926, lorsque les entreprises Benz &amp; Cie et Daimler-Motoren-Gesellschaft fusionneraient pour donner naissance \u00e0 Mercedes-Benz. L&rsquo;\u00e9toile \u00e0 trois branches et les lauriers de Benz se rejoignaient enfin.<\/p>\n\n\n\n<h2 class=\"wp-block-heading\"><strong>140 ans d&rsquo;innovations : l&rsquo;automobile comme vecteur de progr\u00e8s<\/strong><\/h2>\n\n\n\n<p>Depuis ce jour fondateur de 1886, Mercedes-Benz n&rsquo;a cess\u00e9 de repousser les fronti\u00e8res du possible. L&rsquo;histoire de la marque \u00e0 l&rsquo;\u00e9toile se confond avec celle du progr\u00e8s automobile lui-m\u00eame. Dresser l&rsquo;inventaire de ses innovations tiendrait du vertige.<\/p>\n\n\n\n<p>Il y eut d&rsquo;abord la s\u00e9curit\u00e9, ce domaine o\u00f9 Stuttgart a \u00e9crit les r\u00e8gles que le monde entier a fini par adopter. En 1951, B\u00e9la Bar\u00e9nyi d\u00e9posait le brevet de la zone de d\u00e9formation, ce concept r\u00e9volutionnaire selon lequel une voiture doit se sacrifier pour prot\u00e9ger ses occupants. La W111, surnomm\u00e9e \u00ab Heckflosse \u00bb, int\u00e9grait d\u00e8s 1959 cette philosophie qui allait sauver des millions de vies. Puis vinrent l&rsquo;ABS en 1978, l&rsquo;airbag conducteur en 1981, l&rsquo;ESP en 1995 \u2014 \u00e0 chaque fois, Mercedes-Benz \u00e9tait la premi\u00e8re \u00e0 transformer une id\u00e9e en r\u00e9alit\u00e9 de s\u00e9rie.<\/p>\n\n\n\n<p>Il y eut ensuite le luxe, ce territoire o\u00f9 la Classe S r\u00e8gne sans partage depuis 1972. \u00ab S \u00bb pour \u00ab Sonderklasse \u00bb \u2014 classe sp\u00e9ciale. Un nom sobre pour une ambition d\u00e9mesur\u00e9e : cr\u00e9er la meilleure automobile du monde, g\u00e9n\u00e9ration apr\u00e8s g\u00e9n\u00e9ration. La W126 des ann\u00e9es 1980 demeure pour beaucoup l&rsquo;incarnation parfaite de cette qu\u00eate, avec ses lignes dessin\u00e9es par Bruno Sacco, son habitacle capitonn\u00e9 de cuir et de boiseries pr\u00e9cieuses, son silence de cath\u00e9drale \u00e0 200 km\/h sur l&rsquo;Autobahn.<\/p>\n\n\n\n<p>Il y eut la performance, bien s\u00fbr. Les Fl\u00e8ches d&rsquo;Argent qui domin\u00e8rent les Grands Prix d&rsquo;avant-guerre avec des pilotes l\u00e9gendaires comme Rudolf Caracciola. La 300 SL \u00ab Gullwing \u00bb de 1954, premi\u00e8re voiture de sport \u00e0 injection directe, dont les porti\u00e8res papillon et les lignes sensuelles continuent de faire battre les c\u0153urs. Et puis AMG, cette officine de Affalterbach devenue le bras arm\u00e9 de Stuttgart, transformant des berlines bourgeoises en missiles capables de d\u00e9fier les supercars les plus exotiques.<\/p>\n\n\n\n<p>Mais au-del\u00e0 des innovations techniques, c&rsquo;est peut-\u00eatre dans sa capacit\u00e9 \u00e0 transformer la mobilit\u00e9 en \u00e9motion que Mercedes-Benz a le plus marqu\u00e9 notre \u00e9poque. Chaque mod\u00e8le, du plus accessible au plus exclusif, porte en lui cette promesse originelle de Carl Benz : la libert\u00e9 de mouvement comme droit fondamental, le voyage comme source de bonheur.<\/p>\n\n\n\n<h2 class=\"wp-block-heading\"><strong>L&rsquo;hommage de Porsche : quand les rivaux deviennent po\u00e8tes<\/strong><\/h2>\n\n\n\n<p>Et c&rsquo;est ici que notre histoire prend une tournure inattendue. Ce 29 janvier 2026, alors que Mercedes-Benz c\u00e9l\u00e9brait dignement l&rsquo;anniversaire fondateur, un message apparut sur le compte Instagram de Porsche. Un carrousel de huit images, sobres et \u00e9l\u00e9gantes, accompagn\u00e9es d&rsquo;un texte qui allait \u00e9mouvoir la plan\u00e8te automobile tout enti\u00e8re.<\/p>\n\n\n\n<p>\u00ab 140 years of the automobile. Dear Mercedes-Benz&#8230; \u00bb \u2014 ainsi commen\u00e7ait cette lettre ouverte, ce geste d&rsquo;une \u00e9l\u00e9gance rare dans un monde o\u00f9 la concurrence se fait souvent \u00e0 coups de comparatifs acerbes et de guerres de communiqu\u00e9s.<\/p>\n\n\n\n<p>\u00ab We share more than passion. We share the visionary foundation of our pioneers. \u00bb Porsche rappelait ainsi les liens ind\u00e9fectibles qui unissent les deux marques. Car avant de fonder sa propre l\u00e9gende, Ferdinand Porsche fut directeur technique de Mercedes de 1923 \u00e0 1928. C&rsquo;est dans les bureaux d&rsquo;\u00e9tudes de Stuttgart-Untert\u00fcrkheim qu&rsquo;il cr\u00e9a les Mercedes S, SS et SSK, ces bolides \u00e0 compresseur qui domin\u00e8rent la comp\u00e9tition automobile des ann\u00e9es folles. L&rsquo;ADN Porsche s&rsquo;est forg\u00e9 entre les murs de Mercedes.<\/p>\n\n\n\n<blockquote class=\"instagram-media\" data-instgrm-captioned data-instgrm-permalink=\"https:\/\/www.instagram.com\/p\/DUFmBkMjHsq\/?utm_source=ig_embed&amp;utm_campaign=loading\" data-instgrm-version=\"14\" style=\" background:#FFF; border:0; border-radius:3px; box-shadow:0 0 1px 0 rgba(0,0,0,0.5),0 1px 10px 0 rgba(0,0,0,0.15); margin: 1px; max-width:540px; min-width:326px; padding:0; width:99.375%; width:-webkit-calc(100% - 2px); width:calc(100% - 2px);\"><div style=\"padding:16px;\"> <a href=\"https:\/\/www.instagram.com\/p\/DUFmBkMjHsq\/?utm_source=ig_embed&amp;utm_campaign=loading\" style=\" background:#FFFFFF; line-height:0; padding:0 0; text-align:center; text-decoration:none; width:100%;\" target=\"_blank\"> <div style=\" display: flex; flex-direction: row; align-items: center;\"> <div style=\"background-color: #F4F4F4; border-radius: 50%; flex-grow: 0; height: 40px; margin-right: 14px; width: 40px;\"><\/div> <div style=\"display: flex; flex-direction: column; flex-grow: 1; justify-content: center;\"> <div style=\" background-color: #F4F4F4; border-radius: 4px; flex-grow: 0; height: 14px; margin-bottom: 6px; width: 100px;\"><\/div> <div style=\" background-color: #F4F4F4; border-radius: 4px; flex-grow: 0; height: 14px; width: 60px;\"><\/div><\/div><\/div><div style=\"padding: 19% 0;\"><\/div> <div style=\"display:block; height:50px; margin:0 auto 12px; width:50px;\"><svg width=\"50px\" height=\"50px\" viewBox=\"0 0 60 60\" version=\"1.1\" xmlns=\"https:\/\/www.w3.org\/2000\/svg\" xmlns:xlink=\"https:\/\/www.w3.org\/1999\/xlink\"><g stroke=\"none\" stroke-width=\"1\" fill=\"none\" fill-rule=\"evenodd\"><g transform=\"translate(-511.000000, -20.000000)\" fill=\"#000000\"><g><path d=\"M556.869,30.41 C554.814,30.41 553.148,32.076 553.148,34.131 C553.148,36.186 554.814,37.852 556.869,37.852 C558.924,37.852 560.59,36.186 560.59,34.131 C560.59,32.076 558.924,30.41 556.869,30.41 M541,60.657 C535.114,60.657 530.342,55.887 530.342,50 C530.342,44.114 535.114,39.342 541,39.342 C546.887,39.342 551.658,44.114 551.658,50 C551.658,55.887 546.887,60.657 541,60.657 M541,33.886 C532.1,33.886 524.886,41.1 524.886,50 C524.886,58.899 532.1,66.113 541,66.113 C549.9,66.113 557.115,58.899 557.115,50 C557.115,41.1 549.9,33.886 541,33.886 M565.378,62.101 C565.244,65.022 564.756,66.606 564.346,67.663 C563.803,69.06 563.154,70.057 562.106,71.106 C561.058,72.155 560.06,72.803 558.662,73.347 C557.607,73.757 556.021,74.244 553.102,74.378 C549.944,74.521 548.997,74.552 541,74.552 C533.003,74.552 532.056,74.521 528.898,74.378 C525.979,74.244 524.393,73.757 523.338,73.347 C521.94,72.803 520.942,72.155 519.894,71.106 C518.846,70.057 518.197,69.06 517.654,67.663 C517.244,66.606 516.755,65.022 516.623,62.101 C516.479,58.943 516.448,57.996 516.448,50 C516.448,42.003 516.479,41.056 516.623,37.899 C516.755,34.978 517.244,33.391 517.654,32.338 C518.197,30.938 518.846,29.942 519.894,28.894 C520.942,27.846 521.94,27.196 523.338,26.654 C524.393,26.244 525.979,25.756 528.898,25.623 C532.057,25.479 533.004,25.448 541,25.448 C548.997,25.448 549.943,25.479 553.102,25.623 C556.021,25.756 557.607,26.244 558.662,26.654 C560.06,27.196 561.058,27.846 562.106,28.894 C563.154,29.942 563.803,30.938 564.346,32.338 C564.756,33.391 565.244,34.978 565.378,37.899 C565.522,41.056 565.552,42.003 565.552,50 C565.552,57.996 565.522,58.943 565.378,62.101 M570.82,37.631 C570.674,34.438 570.167,32.258 569.425,30.349 C568.659,28.377 567.633,26.702 565.965,25.035 C564.297,23.368 562.623,22.342 560.652,21.575 C558.743,20.834 556.562,20.326 553.369,20.18 C550.169,20.033 549.148,20 541,20 C532.853,20 531.831,20.033 528.631,20.18 C525.438,20.326 523.257,20.834 521.349,21.575 C519.376,22.342 517.703,23.368 516.035,25.035 C514.368,26.702 513.342,28.377 512.574,30.349 C511.834,32.258 511.326,34.438 511.181,37.631 C511.035,40.831 511,41.851 511,50 C511,58.147 511.035,59.17 511.181,62.369 C511.326,65.562 511.834,67.743 512.574,69.651 C513.342,71.625 514.368,73.296 516.035,74.965 C517.703,76.634 519.376,77.658 521.349,78.425 C523.257,79.167 525.438,79.673 528.631,79.82 C531.831,79.965 532.853,80.001 541,80.001 C549.148,80.001 550.169,79.965 553.369,79.82 C556.562,79.673 558.743,79.167 560.652,78.425 C562.623,77.658 564.297,76.634 565.965,74.965 C567.633,73.296 568.659,71.625 569.425,69.651 C570.167,67.743 570.674,65.562 570.82,62.369 C570.966,59.17 571,58.147 571,50 C571,41.851 570.966,40.831 570.82,37.631\"><\/path><\/g><\/g><\/g><\/svg><\/div><div style=\"padding-top: 8px;\"> <div style=\" color:#3897f0; font-family:Arial,sans-serif; font-size:14px; font-style:normal; font-weight:550; line-height:18px;\">Voir cette publication sur Instagram<\/div><\/div><div style=\"padding: 12.5% 0;\"><\/div> <div style=\"display: flex; flex-direction: row; margin-bottom: 14px; align-items: center;\"><div> <div style=\"background-color: #F4F4F4; border-radius: 50%; height: 12.5px; width: 12.5px; transform: translateX(0px) translateY(7px);\"><\/div> <div style=\"background-color: #F4F4F4; height: 12.5px; transform: rotate(-45deg) translateX(3px) translateY(1px); width: 12.5px; flex-grow: 0; margin-right: 14px; margin-left: 2px;\"><\/div> <div style=\"background-color: #F4F4F4; border-radius: 50%; height: 12.5px; width: 12.5px; transform: translateX(9px) translateY(-18px);\"><\/div><\/div><div style=\"margin-left: 8px;\"> <div style=\" background-color: #F4F4F4; border-radius: 50%; flex-grow: 0; height: 20px; width: 20px;\"><\/div> <div style=\" width: 0; height: 0; border-top: 2px solid transparent; border-left: 6px solid #f4f4f4; border-bottom: 2px solid transparent; transform: translateX(16px) translateY(-4px) rotate(30deg)\"><\/div><\/div><div style=\"margin-left: auto;\"> <div style=\" width: 0px; border-top: 8px solid #F4F4F4; border-right: 8px solid transparent; transform: translateY(16px);\"><\/div> <div style=\" background-color: #F4F4F4; flex-grow: 0; height: 12px; width: 16px; transform: translateY(-4px);\"><\/div> <div style=\" width: 0; height: 0; border-top: 8px solid #F4F4F4; border-left: 8px solid transparent; transform: translateY(-4px) translateX(8px);\"><\/div><\/div><\/div> <div style=\"display: flex; flex-direction: column; flex-grow: 1; justify-content: center; margin-bottom: 24px;\"> <div style=\" background-color: #F4F4F4; border-radius: 4px; flex-grow: 0; height: 14px; margin-bottom: 6px; width: 224px;\"><\/div> <div style=\" background-color: #F4F4F4; border-radius: 4px; flex-grow: 0; height: 14px; width: 144px;\"><\/div><\/div><\/a><p style=\" color:#c9c8cd; font-family:Arial,sans-serif; font-size:14px; line-height:17px; margin-bottom:0; margin-top:8px; overflow:hidden; padding:8px 0 7px; text-align:center; text-overflow:ellipsis; white-space:nowrap;\"><a href=\"https:\/\/www.instagram.com\/p\/DUFmBkMjHsq\/?utm_source=ig_embed&amp;utm_campaign=loading\" style=\" color:#c9c8cd; font-family:Arial,sans-serif; font-size:14px; font-style:normal; font-weight:normal; line-height:17px; text-decoration:none;\" target=\"_blank\">Une publication partag\u00e9e par Porsche (@porsche)<\/a><\/p><\/div><\/blockquote>\n<script async src=\"\/\/www.instagram.com\/embed.js\"><\/script>\n\n\n\n<p>\u00ab We share our hometown. \u00bb Stuttgart, capitale mondiale de l&rsquo;automobile. \u00c0 quelques kilom\u00e8tres de distance, deux mus\u00e9es monumentaux \u2014 le Mercedes-Benz Museum et le Porsche Museum \u2014 racontent l&rsquo;histoire parall\u00e8le de deux g\u00e9ants n\u00e9s du m\u00eame terreau souabe. Les ing\u00e9nieurs des deux maisons se croisent dans les m\u00eames caf\u00e9s, leurs enfants fr\u00e9quentent les m\u00eames \u00e9coles, leurs destins sont entrelac\u00e9s comme les virages du N\u00fcrburgring.<\/p>\n\n\n\n<p>\u00ab We share the love for motorsports. We share the feeling of winning the greatest races. We share the setbacks. \u00bb Cette ligne, gliss\u00e9e entre les victoires et les amiti\u00e9s, dit tout de l&rsquo;authenticit\u00e9 de cet hommage. Car oui, Mercedes et Porsche ont connu les triomphes \u2014 aux 24 Heures du Mans, en Formule 1, en endurance. Mais ils ont aussi partag\u00e9 les drames, les d\u00e9faites cuisantes, les ann\u00e9es de doute. Et c&rsquo;est peut-\u00eatre dans ces moments-l\u00e0, quand les lauriers se font rares et que le public se d\u00e9tourne, que le respect entre rivaux se forge v\u00e9ritablement.<\/p>\n\n\n\n<div class=\"wp-block-group is-nowrap is-layout-flex wp-container-core-group-is-layout-64989fb1 wp-block-group-is-layout-flex\">\n<p>\u00ab We even share the legendary 500 E. \u00bb Voil\u00e0 sans doute la phrase qui a le plus fait sourire les connaisseurs. La Mercedes-Benz 500 E, cette berline W124 survitamin\u00e9e produite de 1991 \u00e0 1995, est en effet l&rsquo;enfant commun des deux maisons. Face \u00e0 la complexit\u00e9 du projet \u2014 int\u00e9grer le V8 5.0 litres de la 500 SL dans une carrosserie \u00e9largie \u2014, Mercedes avait fait appel \u00e0 Porsche pour le d\u00e9veloppement et l&rsquo;assemblage. Chaque 500 E effectuait un ballet improbable entre Sindelfingen et Zuffenhausen, peinte chez Mercedes, mont\u00e9e chez Porsche, inspect\u00e9e chez Mercedes. Dix-huit jours de fabrication pour chaque exemplaire. 10 479 unit\u00e9s produites au total. Une collaboration qui sauva Porsche d&rsquo;une crise financi\u00e8re majeure tout en offrant \u00e0 Mercedes l&rsquo;une des berlines les plus d\u00e9sirables de son histoire.<\/p>\n<\/div>\n\n\n\n<p>Mais c&rsquo;est la conclusion du message qui a v\u00e9ritablement touch\u00e9 les c\u0153urs : \u00ab But most importantly, we share the same belief: that cars are there to not only move your body, but also your heart. \u00bb Les voitures ne sont pas faites que pour d\u00e9placer les corps. Elles sont faites pour \u00e9mouvoir les \u00e2mes. En une phrase, Porsche venait de r\u00e9sumer cent quarante ans de passion automobile.<\/p>\n\n\n\n<h2 class=\"wp-block-heading\"><strong>La rivalit\u00e9 fraternelle : l&rsquo;ADN de Stuttgart<\/strong><\/h2>\n\n\n\n<p>Ce geste de Porsche s&rsquo;inscrit dans une tradition de fair-play germanique qui force l&rsquo;admiration. En 2016, pour les 100 ans de BMW, Mercedes-Benz avait publi\u00e9 une annonce pleine page montrant la calandre \u00e0 haricots du constructeur bavarois avec ce message malicieux : \u00ab Merci pour 100 ans de comp\u00e9tition. Les 30 ann\u00e9es pr\u00e9c\u00e9dentes \u00e9taient un peu ennuyeuses. \u00bb Une pique affectueuse qui rappelait que Mercedes avait trente ans d&rsquo;avance sur son rival de Munich.<\/p>\n\n\n\n<p>Porsche avait \u00e9galement salu\u00e9 BMW \u00e0 cette occasion, publiant une annonce tout aussi \u00e9l\u00e9gante. Cette culture du respect mutuel, de la comp\u00e9tition noble qui \u00e9l\u00e8ve tous les participants, est inscrite dans l&rsquo;ADN de l&rsquo;industrie automobile allemande. Elle explique en partie pourquoi ce pays produit certaines des meilleures voitures du monde : la rivalit\u00e9 permanente pousse chacun \u00e0 se surpasser, tandis que le respect emp\u00eache de sombrer dans la m\u00e9diocrit\u00e9 de la querelle mesquine.<\/p>\n\n\n\n<p>Stuttgart incarne cette philosophie mieux que toute autre ville au monde. Imaginez : dans un rayon de trente kilom\u00e8tres, vous trouvez le si\u00e8ge de Mercedes-Benz, celui de Porsche, les studios de design de chaque marque, leurs mus\u00e9es respectifs, leurs pistes d&rsquo;essai, leurs centres de livraison. Des milliers d&rsquo;ing\u00e9nieurs, de designers, de m\u00e9caniciens qui vivent et respirent automobile, qui se d\u00e9fient le jour et trinquent le soir dans les Weinstube locales. Cette proximit\u00e9 g\u00e9ographique cr\u00e9e une \u00e9mulation permanente, un \u00e9cosyst\u00e8me unique o\u00f9 l&rsquo;excellence est la seule monnaie qui vaille.<\/p>\n\n\n\n<p>L&rsquo;hommage de Porsche \u00e0 Mercedes pour ses 140 ans n&rsquo;est donc pas un accident. C&rsquo;est l&rsquo;expression naturelle d&rsquo;une culture partag\u00e9e, d&rsquo;une histoire commune, d&rsquo;un amour visc\u00e9ral pour l&rsquo;automobile qui transcende les logos et les bilans comptables.<\/p>\n\n\n\n<h2 class=\"wp-block-heading\"><strong>2026 et au-del\u00e0 : l&rsquo;h\u00e9ritage en mouvement<\/strong><\/h2>\n\n\n\n<p>Mercedes-Benz n&rsquo;a pas choisi de c\u00e9l\u00e9brer cet anniversaire dans la contemplation nostalgique. Le jour m\u00eame du 29 janvier 2026, la marque a pr\u00e9sent\u00e9 la nouvelle g\u00e9n\u00e9ration de Classe S, perp\u00e9tuant ainsi cette tradition d&rsquo;excellence qui d\u00e9finit le vaisseau amiral de Stuttgart depuis plus d&rsquo;un demi-si\u00e8cle. Quelques semaines plus t\u00f4t, le nouveau CLA avait \u00e9t\u00e9 sacr\u00e9 \u00ab Voiture de l&rsquo;ann\u00e9e 2026 \u00bb, confirmant que l&rsquo;\u00e9toile brille avec autant d&rsquo;intensit\u00e9 sur les segments d&rsquo;entr\u00e9e de gamme que sur les sommets du luxe.<\/p>\n\n\n\n<p>Dans son communiqu\u00e9 anniversaire, Mercedes-Benz a annonc\u00e9 le plus grand programme de lancements de son histoire. Des dizaines de nouveaux mod\u00e8les sur les deux prochaines ann\u00e9es, couvrant l&rsquo;ensemble des segments, de l&rsquo;entr\u00e9e de gamme \u00e9lectrifi\u00e9e aux GT les plus exclusives. La marque c\u00e9l\u00e8bre \u00e9galement les 100 ans du nom Mercedes-Benz lui-m\u00eame \u2014 n\u00e9 de la fusion de 1926 \u2014, les 130 ans de ses premiers v\u00e9hicules utilitaires, les 75 ans du brevet de la \u00ab carrosserie de s\u00e9curit\u00e9 \u00bb de B\u00e9la Bar\u00e9nyi, les 50 ans de la W123 \u2014 anc\u00eatre de la Classe E actuelle \u2014 et les 20 ans du Mercedes-Benz Museum.<\/p>\n\n\n\n<p>L&rsquo;\u00e9lectrification, bien s\u00fbr, occupe une place centrale dans cette feuille de route. Mais contrairement \u00e0 certains concurrents qui semblent vouloir faire table rase du pass\u00e9, Mercedes-Benz inscrit sa r\u00e9volution \u00e9lectrique dans la continuit\u00e9 de son h\u00e9ritage. L&rsquo;EQS, berline \u00e9lectrique de grand luxe, n&rsquo;est pas une rupture : c&rsquo;est le prolongement logique de la qu\u00eate d&rsquo;excellence qui anime la marque depuis Carl Benz. Les mat\u00e9riaux changent, les technologies \u00e9voluent, mais la promesse reste la m\u00eame : cr\u00e9er les meilleures automobiles du monde.<\/p>\n\n\n\n<figure class=\"wp-block-image size-large\"><img loading=\"lazy\" decoding=\"async\" width=\"1024\" height=\"448\" src=\"https:\/\/www.plethorecars.fr\/magazine\/wp-content\/uploads\/2026\/01\/MBCAN-2026-S-SEDAN-HC-D-1024x448.webp\" alt=\"classe s 2026\" class=\"wp-image-565\" srcset=\"https:\/\/www.plethorecars.fr\/magazine\/wp-content\/uploads\/2026\/01\/MBCAN-2026-S-SEDAN-HC-D-1024x448.webp 1024w, https:\/\/www.plethorecars.fr\/magazine\/wp-content\/uploads\/2026\/01\/MBCAN-2026-S-SEDAN-HC-D-300x131.webp 300w, https:\/\/www.plethorecars.fr\/magazine\/wp-content\/uploads\/2026\/01\/MBCAN-2026-S-SEDAN-HC-D-768x336.webp 768w, https:\/\/www.plethorecars.fr\/magazine\/wp-content\/uploads\/2026\/01\/MBCAN-2026-S-SEDAN-HC-D-1536x672.webp 1536w, https:\/\/www.plethorecars.fr\/magazine\/wp-content\/uploads\/2026\/01\/MBCAN-2026-S-SEDAN-HC-D-18x8.webp 18w, https:\/\/www.plethorecars.fr\/magazine\/wp-content\/uploads\/2026\/01\/MBCAN-2026-S-SEDAN-HC-D.webp 1920w\" sizes=\"auto, (max-width: 1024px) 100vw, 1024px\" \/><\/figure>\n\n\n\n<h2 class=\"wp-block-heading\"><strong>Move your body, move your heart<\/strong><\/h2>\n\n\n\n<p>\u00ab Cars are there to not only move your body, but also your heart. \u00bb Cette phrase de Porsche, en conclusion de son hommage \u00e0 Mercedes-Benz, r\u00e9sonne avec une force particuli\u00e8re en ce jour anniversaire. Elle nous rappelle pourquoi nous aimons les automobiles, au-del\u00e0 de leur utilit\u00e9 pratique, au-del\u00e0 m\u00eame de leurs performances ou de leur beaut\u00e9.<\/p>\n\n\n\n<p>L&rsquo;automobile est une machine \u00e0 \u00e9motions. Le grondement d&rsquo;un moteur qui s&rsquo;\u00e9veille au petit matin. L&rsquo;odeur du cuir qui se m\u00eale \u00e0 celle de l&rsquo;essence. La sensation du volant entre les mains quand la route s&rsquo;\u00e9tire devant nous, pleine de promesses. Le souvenir du premier voyage en voiture avec nos parents, la fiert\u00e9 du premier v\u00e9hicule achet\u00e9 avec nos propres \u00e9conomies, l&rsquo;\u00e9motion de transporter pour la premi\u00e8re fois nos propres enfants sur la banquette arri\u00e8re.<\/p>\n\n\n\n<p>Carl Benz, ce 29 janvier 1886, ne savait pas qu&rsquo;il inventait tout cela. Il pensait simplement cr\u00e9er un v\u00e9hicule pratique, lib\u00e9r\u00e9 des contraintes du cheval. Cent quarante ans plus tard, son invention a engendr\u00e9 une civilisation enti\u00e8re, redessin\u00e9 nos villes, boulevers\u00e9 nos modes de vie, et cr\u00e9\u00e9 une passion partag\u00e9e par des centaines de millions de personnes \u00e0 travers le monde.<\/p>\n\n\n\n<p>Alors oui, remercions Porsche pour ce geste d&rsquo;une rare \u00e9l\u00e9gance. Remercions Mercedes-Benz pour ces 140 ans d&rsquo;innovations et de beaut\u00e9. Et remercions Carl Benz, Bertha Benz, Gottlieb Daimler, Wilhelm Maybach, Ferdinand Porsche et tous ceux qui ont contribu\u00e9 \u00e0 faire de l&rsquo;automobile bien plus qu&rsquo;un moyen de transport : un art de vivre, une philosophie, une passion qui nous unit par-del\u00e0 les fronti\u00e8res et les g\u00e9n\u00e9rations.<\/p>\n\n\n\n<p>Les 140 prochaines ann\u00e9es s&rsquo;annoncent tout aussi passionnantes. Et quelque part \u00e0 Stuttgart, dans les bureaux d&rsquo;\u00e9tudes de Mercedes-Benz et de Porsche, des ing\u00e9nieurs travaillent d\u00e9j\u00e0 sur les voitures qui feront battre nos c\u0153urs demain.<\/p>\n\n\n\n<p>source image\u00a0: <a href=\"https:\/\/www.mercedes-benz.fr\/content\/dam\/france\/passengercars\/260128_PrePAD_Stage.png\/1769603298424.jpg?im=Crop,rect=(0,53,3840,1600);Resize=(1500,625)\">https:\/\/www.mercedes-benz.fr\/<\/a><\/p>\n","protected":false},"excerpt":{"rendered":"<p>Il y a 140 ans, un homme inventait l&rsquo;automobile. Aujourd&rsquo;hui, son rival le plus illustre &hellip; <\/p>\n","protected":false},"author":1,"featured_media":559,"comment_status":"closed","ping_status":"open","sticky":false,"template":"","format":"standard","meta":{"footnotes":""},"categories":[6],"tags":[],"class_list":["post-551","post","type-post","status-publish","format-standard","has-post-thumbnail","hentry","category-histoires-automobiles"],"_links":{"self":[{"href":"https:\/\/www.plethorecars.fr\/magazine\/wp-json\/wp\/v2\/posts\/551","targetHints":{"allow":["GET"]}}],"collection":[{"href":"https:\/\/www.plethorecars.fr\/magazine\/wp-json\/wp\/v2\/posts"}],"about":[{"href":"https:\/\/www.plethorecars.fr\/magazine\/wp-json\/wp\/v2\/types\/post"}],"author":[{"embeddable":true,"href":"https:\/\/www.plethorecars.fr\/magazine\/wp-json\/wp\/v2\/users\/1"}],"replies":[{"embeddable":true,"href":"https:\/\/www.plethorecars.fr\/magazine\/wp-json\/wp\/v2\/comments?post=551"}],"version-history":[{"count":6,"href":"https:\/\/www.plethorecars.fr\/magazine\/wp-json\/wp\/v2\/posts\/551\/revisions"}],"predecessor-version":[{"id":570,"href":"https:\/\/www.plethorecars.fr\/magazine\/wp-json\/wp\/v2\/posts\/551\/revisions\/570"}],"wp:featuredmedia":[{"embeddable":true,"href":"https:\/\/www.plethorecars.fr\/magazine\/wp-json\/wp\/v2\/media\/559"}],"wp:attachment":[{"href":"https:\/\/www.plethorecars.fr\/magazine\/wp-json\/wp\/v2\/media?parent=551"}],"wp:term":[{"taxonomy":"category","embeddable":true,"href":"https:\/\/www.plethorecars.fr\/magazine\/wp-json\/wp\/v2\/categories?post=551"},{"taxonomy":"post_tag","embeddable":true,"href":"https:\/\/www.plethorecars.fr\/magazine\/wp-json\/wp\/v2\/tags?post=551"}],"curies":[{"name":"wp","href":"https:\/\/api.w.org\/{rel}","templated":true}]}}