{"id":439,"date":"2025-11-07T10:25:25","date_gmt":"2025-11-07T09:25:25","guid":{"rendered":"https:\/\/plethore.fr\/blog\/?p=439"},"modified":"2025-11-07T10:26:28","modified_gmt":"2025-11-07T09:26:28","slug":"epoquauto-2025-le-rendez-vous-incontournable-des-passionnes-de-voitures-anciennes","status":"publish","type":"post","link":"https:\/\/www.plethorecars.fr\/magazine\/actualites-en-bref\/epoquauto-2025-le-rendez-vous-incontournable-des-passionnes-de-voitures-anciennes\/","title":{"rendered":"Epoqu\u2019Auto 2025 : le rendez-vous incontournable des passionn\u00e9s de voitures anciennes"},"content":{"rendered":"\n<p>Chaque ann\u00e9e, le salon de la voiture ancienne de Lyon fait vibrer les collectionneurs, amateurs et curieux : pour l\u2019\u00e9dition 2025, attendez-vous \u00e0 un plateau exceptionnel, des animations riches et une ambiance conviviale.<\/p>\n\n\n\n<h3 class=\"wp-block-heading\"><strong>O\u00f9 et quand<\/strong><\/h3>\n\n\n\n<ul class=\"wp-block-list\">\n<li>Dates : Vendredi 7 novembre de 9h \u00e0 22h (nocturne), Samedi 8 novembre de 9h \u00e0 19h, Dimanche 9 novembre de 9h \u00e0 18h.&nbsp;<\/li>\n\n\n\n<li>Lieu : Eurexpo Lyon\u2011Chassieu, pr\u00e8s de Lyon.&nbsp;<\/li>\n\n\n\n<li>Tarifs pr\u00e9-vente : Adulte 16 \u20ac, entr\u00e9e deux jours 30 \u20ac, gratuit pour les moins de 12 ans.&nbsp;<\/li>\n\n\n\n<li>Bon \u00e0 savoir : garderie propos\u00e9e pour les enfants de 4 \u00e0 12 ans.&nbsp;<\/li>\n<\/ul>\n\n\n\n<h3 class=\"wp-block-heading\"><strong>Les temps forts du salon<\/strong><\/h3>\n\n\n\n<h4 class=\"wp-block-heading\"><strong>Plateaux voitures<\/strong><\/h4>\n\n\n\n<ul class=\"wp-block-list\">\n<li>Un hommage \u00e0 la Citro\u00ebn DS pour ses 70 ans : 11 voitures retraceront les trois grandes p\u00e9riodes (1956 \u00e0 1975) sur le salon.&nbsp;<\/li>\n\n\n\n<li>Le camion de pompiers Delaunay\u2011Belleville MF6 de 1923, issu du patrimoine du Mus\u00e9e des Sapeurs\u2011Pompiers de Lyon, sera \u00e0 l\u2019honneur parmi une vingtaine de v\u00e9hicules.&nbsp;<\/li>\n\n\n\n<li>Un plateau consacr\u00e9 \u00e0 la marque Opel avec notamment une Manta 400 Groupe B, Kadett B de rallye, GT de 1969, etc.&nbsp;<\/li>\n\n\n\n<li>Une r\u00e9trospective des constructeurs lyonnais disparus (ex : Audibert &amp; Lavirotte, Rochet Schneider, Pilain\u2026) avec 14 v\u00e9hicules pr\u00e9sent\u00e9s.&nbsp;<\/li>\n\n\n\n<li>Le plateau \u00ab Youngtimers \u00bb (ann\u00e9es 80-90) : Bugatti EB110, Venturi 400 Trophy, Porsche Carrera GT, Jaguar XJ220\u2026 \u00e0 ne pas manquer.&nbsp;<\/li>\n\n\n\n<li>Un focus sur la marque monoplace Ligier (55 ans de course) avec des mod\u00e8les JS2 route, JS27, JS33\u2026&nbsp;<\/li>\n\n\n\n<li>Les \u00e9nergies alternatives mises en valeur par la Fondation Berliet : v\u00e9hicule \u00e9lectrique de 1951, syst\u00e8me de gaz\u00e9ification bois de 1932\u2026&nbsp;<\/li>\n\n\n\n<li>Le plateau utilitaires : v\u00e9hicules de la lib\u00e9ration, d\u00e9panneuses, camions GMC\u2026&nbsp;<\/li>\n<\/ul>\n\n\n\n<h4 class=\"wp-block-heading\"><strong>Motos, microcars et clubs<\/strong><\/h4>\n\n\n\n<ul class=\"wp-block-list\">\n<li>400 m\u00b2 d\u00e9di\u00e9s aux microcars fran\u00e7aises (ex : Isetta Velam, Vespa 400) dans le Hall 2.&nbsp;<\/li>\n\n\n\n<li>Une trentaine de motos de circuit (50 \u00e0 1000 cm\u00b3) + 25 motos \u00ab enduro\/trial \u00bb avec soutien du club Fantic France.&nbsp;<\/li>\n\n\n\n<li>Plus de 200 clubs repr\u00e9sent\u00e9s (dont 18 nouveaux) : clubs SAAB, Panhard, Colorale, etc.&nbsp;<\/li>\n<\/ul>\n\n\n\n<h4 class=\"wp-block-heading\"><strong>La bourse &amp; les professionnels<\/strong><\/h4>\n\n\n\n<ul class=\"wp-block-list\">\n<li>Environ 560 entreprises de la voiture ancienne sont pr\u00e9sentes : sp\u00e9cialistes pi\u00e8ces, accessoires, miniatures, automobilia.&nbsp;<\/li>\n\n\n\n<li>Trois ventes aux ench\u00e8res assur\u00e9es par Osenat : vendredi motos, samedi youngtimers, dimanche automobiles de collection.&nbsp;<\/li>\n<\/ul>\n\n\n\n<h3 class=\"wp-block-heading\"><strong>Pourquoi y aller ?<\/strong><\/h3>\n\n\n\n<ul class=\"wp-block-list\">\n<li>Pour la richesse des plateaux : un large \u00e9ventail d\u2019\u00e9poques, de marques, de styles.<\/li>\n\n\n\n<li>Pour l\u2019ambiance : passionn\u00e9s, clubs, rencontres d\u2019amateurs, familles.<\/li>\n\n\n\n<li>Pour trouver des pi\u00e8ces rares ou des autos int\u00e9ressantes via la bourse d\u2019\u00e9change.<\/li>\n\n\n\n<li>Pour vivre une exp\u00e9rience compl\u00e8te autour de la voiture ancienne, pas juste une exposition statique.<\/li>\n<\/ul>\n\n\n\n<h3 class=\"wp-block-heading\"><strong>Conseils pratiques<\/strong><\/h3>\n\n\n\n<ul class=\"wp-block-list\">\n<li>Arrivez t\u00f4t, en particulier pour le vendredi soir (nocturne) afin de profiter d\u2019un acc\u00e8s plus fluide.<\/li>\n\n\n\n<li>Pr\u00e9voir une paire de bonnes chaussures : malgr\u00e9 les halls spacieux, beaucoup de marche.<\/li>\n\n\n\n<li>Pour les familles : la garderie est un vrai plus si vous venez avec des enfants.<\/li>\n\n\n\n<li>Pensez \u00e0 vos achats : pi\u00e8ces, accessoires, miniatures \u2014 pr\u00e9voir budget et transport si achat volumineux.<\/li>\n\n\n\n<li>Pr\u00e9voyez carte\/CB + un peu de liquide pour stands plus petits.<\/li>\n\n\n\n<li>Rep\u00e9rez sur le plan les zones \u00ab clubs \u00bb, \u00ab pros \u00bb, \u00ab plateaux sp\u00e9ciaux \u00bb pour organiser votre visite et ne rien rater.<\/li>\n<\/ul>\n\n\n\n<hr class=\"wp-block-separator has-alpha-channel-opacity\"\/>\n\n\n\n<p>En conclusion, l\u2019\u00e9dition 2025 du salon Epoqu\u2019Auto \u00e0 Lyon s\u2019annonce comme un rendez-vous incontournable pour tous les passionn\u00e9s de v\u00e9hicules anciens, des microcars aux supercars, des utilitaires historiques aux motos de circuit. Que vous soyez collectionneur, amateur ou simplement curieux, il y aura forc\u00e9ment de quoi vous \u00e9merveiller.<\/p>\n\n\n\n<p>Pour aller plus loin :<\/p>\n\n\n\n<ul class=\"wp-block-list\">\n<li>Visitez le site officiel du salon : <a href=\"https:\/\/epoquauto.com\/\">epoquauto.com<\/a><\/li>\n\n\n\n<li>D\u00e9couvrez la plateforme sp\u00e9cialis\u00e9e dans la vente de v\u00e9hicules de collection : <a href=\"https:\/\/www.plethore.fr\/\">Plethore.fr<\/a><\/li>\n<\/ul>\n","protected":false},"excerpt":{"rendered":"<p>Chaque ann\u00e9e, le salon de la voiture ancienne de Lyon fait vibrer les collectionneurs, amateurs &hellip; <\/p>\n","protected":false},"author":1,"featured_media":441,"comment_status":"closed","ping_status":"open","sticky":false,"template":"","format":"standard","meta":{"footnotes":""},"categories":[7],"tags":[],"class_list":["post-439","post","type-post","status-publish","format-standard","has-post-thumbnail","hentry","category-actualites-en-bref"],"_links":{"self":[{"href":"https:\/\/www.plethorecars.fr\/magazine\/wp-json\/wp\/v2\/posts\/439","targetHints":{"allow":["GET"]}}],"collection":[{"href":"https:\/\/www.plethorecars.fr\/magazine\/wp-json\/wp\/v2\/posts"}],"about":[{"href":"https:\/\/www.plethorecars.fr\/magazine\/wp-json\/wp\/v2\/types\/post"}],"author":[{"embeddable":true,"href":"https:\/\/www.plethorecars.fr\/magazine\/wp-json\/wp\/v2\/users\/1"}],"replies":[{"embeddable":true,"href":"https:\/\/www.plethorecars.fr\/magazine\/wp-json\/wp\/v2\/comments?post=439"}],"version-history":[{"count":2,"href":"https:\/\/www.plethorecars.fr\/magazine\/wp-json\/wp\/v2\/posts\/439\/revisions"}],"predecessor-version":[{"id":443,"href":"https:\/\/www.plethorecars.fr\/magazine\/wp-json\/wp\/v2\/posts\/439\/revisions\/443"}],"wp:featuredmedia":[{"embeddable":true,"href":"https:\/\/www.plethorecars.fr\/magazine\/wp-json\/wp\/v2\/media\/441"}],"wp:attachment":[{"href":"https:\/\/www.plethorecars.fr\/magazine\/wp-json\/wp\/v2\/media?parent=439"}],"wp:term":[{"taxonomy":"category","embeddable":true,"href":"https:\/\/www.plethorecars.fr\/magazine\/wp-json\/wp\/v2\/categories?post=439"},{"taxonomy":"post_tag","embeddable":true,"href":"https:\/\/www.plethorecars.fr\/magazine\/wp-json\/wp\/v2\/tags?post=439"}],"curies":[{"name":"wp","href":"https:\/\/api.w.org\/{rel}","templated":true}]}}