{"id":322,"date":"2025-04-05T14:01:03","date_gmt":"2025-04-05T12:01:03","guid":{"rendered":"https:\/\/plethore.fr\/blog\/?p=322"},"modified":"2025-04-07T15:22:32","modified_gmt":"2025-04-07T13:22:32","slug":"rassemblement-midnight-prestige","status":"publish","type":"post","link":"https:\/\/www.plethorecars.fr\/magazine\/event\/rassemblement-midnight-prestige\/","title":{"rendered":"Rassemblement Midnight Prestige"},"content":{"rendered":"<p>Plethore Cars au Midnight Prestige : une journ\u00e9e m\u00e9morable entre passionn\u00e9s d\u2019automobile<\/p>\n<p>Le dimanche 30 mars restera grav\u00e9 dans nos m\u00e9moires ! L\u2019\u00e9quipe de Plethore Cars a eu la chance de participer \u00e0 l\u2019\u00e9v\u00e9nement Midnight Prestige, organis\u00e9 dans le somptueux d\u00e9cor du Ch\u00e2teau des Selves \u00e0 Seillans, dans le Var. Entre soleil, supercars et bonne humeur, cette journ\u00e9e fut un v\u00e9ritable succ\u00e8s.<\/p>\n<p>Une immersion dans l\u2019univers automobile de prestige<\/p>\n<p>D\u00e8s notre arriv\u00e9e sur le domaine, nous avons \u00e9t\u00e9 plong\u00e9s dans une atmosph\u00e8re passionnante, entour\u00e9s de v\u00e9hicules rares et d\u2019exception. L\u2019\u00e9v\u00e9nement, ouvert au public, a rassembl\u00e9 un grand nombre de passionn\u00e9s venus de toute la r\u00e9gion pour partager leur amour de l\u2019automobile et de la moto.<\/p>\n<p>Notre \u00e9quipe Plethore Cars \u00e9tait fi\u00e8re de repr\u00e9senter notre entreprise au c\u0153ur de ce rassemblement haut de gamme. Nous avons pu \u00e9changer avec des collectionneurs, des exposants, des amateurs, et m\u00eame des familles curieuses de d\u00e9couvrir cet univers unique. Ces moments de partage, d\u2019anecdotes et de sourires sont au c\u0153ur de notre ADN.<\/p>\n<p>Un programme riche et convivial<\/p>\n<p>L\u2019organisation Midnight Cars avait concoct\u00e9 un programme complet pour rythmer cette journ\u00e9e exceptionnelle :<br \/>\u2022 \ud83c\udfc6 Concours automobile avec \u00e0 la cl\u00e9 un 1er prix d\u2019une valeur de plus de 600 \u20ac<br \/>\u2022 \ud83c\udf77 D\u00e9gustation de produits locaux issus du ch\u00e2teau, pour ravir les palais des visiteurs<br \/>\u2022 \ud83c\udf54 Food-trucks gourmands pour se restaurer dans une ambiance d\u00e9contract\u00e9e<br \/>\u2022 \ud83c\udfb6 Une ambiance festive assur\u00e9e par un DJ, qui a accompagn\u00e9 chaque instant avec une playlist bien choisie<\/p>\n<p>Le tout dans un cadre unique, entour\u00e9 de vignes, d\u2019une architecture \u00e9l\u00e9gante et d\u2019un esprit chaleureux.<\/p>\n<p>Plethore Cars, plus qu\u2019un exposant : un acteur engag\u00e9<\/p>\n<p>Pour nous, ce rassemblement a \u00e9t\u00e9 bien plus qu\u2019une simple participation. C\u2019\u00e9tait l\u2019occasion de montrer notre engagement aupr\u00e8s de la communaut\u00e9 automobile, de pr\u00e9senter nos services et de faire rayonner l\u2019image de Plethore Cars dans un contexte convivial et qualitatif. Nous avons eu l\u2019opportunit\u00e9 de cr\u00e9er de nouvelles connexions, d\u2019\u00e9changer avec d\u2019autres professionnels du secteur, et d\u2019\u00e9couter les retours des passionn\u00e9s \u2014 toujours pr\u00e9cieux pour faire \u00e9voluer notre offre.<\/p>\n<p>Une seule envie : revenir<\/p>\n<p>Un grand bravo et merci \u00e0 l\u2019\u00e9quipe @midnight._cars pour cette organisation sans faute. L\u2019\u00e9v\u00e9nement a su rassembler les bonnes personnes, dans un lieu exceptionnel, autour de valeurs que nous partageons : passion, excellence et authenticit\u00e9.<\/p>\n<p>Nous sommes repartis avec le sourire, des souvenirs plein la t\u00eate, et une seule envie : revenir pour la prochaine \u00e9dition.<\/p>\n<p>\u00a0<\/p>\n<p>\u2e3b<\/p>\n<p>\ud83d\udccd Lieu : Ch\u00e2teau des Selves, Seillans<br \/>\ud83d\udcc5 Date : Dimanche 30 mars 2025<br \/>\ud83d\udcf8 Suivez les coulisses de notre journ\u00e9e sur Instagram : @plethore_cars<\/p>\n\n\n<figure class=\"wp-block-gallery has-nested-images columns-default is-cropped wp-block-gallery-1 is-layout-flex wp-block-gallery-is-layout-flex\">\n<figure class=\"wp-block-image size-large\"><img decoding=\"async\" data-id=\"324\" src=\"https:\/\/plethore.fr\/blog\/wp-content\/uploads\/2025\/04\/DSC_0207-1024x683.jpg\" alt=\"Voitures anciennes et sportives\" class=\"wp-image-324\"\/><\/figure>\n\n\n\n<figure class=\"wp-block-image size-large\"><img loading=\"lazy\" decoding=\"async\" width=\"1024\" height=\"683\" data-id=\"323\" src=\"https:\/\/plethore.fr\/blog\/wp-content\/uploads\/2025\/04\/DSC_0210-1024x683.jpg\" alt=\"\" class=\"wp-image-323\" srcset=\"https:\/\/www.plethorecars.fr\/magazine\/wp-content\/uploads\/2025\/04\/DSC_0210-1024x683.jpg 1024w, https:\/\/www.plethorecars.fr\/magazine\/wp-content\/uploads\/2025\/04\/DSC_0210-300x200.jpg 300w, https:\/\/www.plethorecars.fr\/magazine\/wp-content\/uploads\/2025\/04\/DSC_0210-768x512.jpg 768w, https:\/\/www.plethorecars.fr\/magazine\/wp-content\/uploads\/2025\/04\/DSC_0210-1536x1024.jpg 1536w, https:\/\/www.plethorecars.fr\/magazine\/wp-content\/uploads\/2025\/04\/DSC_0210.jpg 2048w\" sizes=\"auto, (max-width: 1024px) 100vw, 1024px\" \/><\/figure>\n\n\n\n<figure class=\"wp-block-image size-large\"><img loading=\"lazy\" decoding=\"async\" width=\"1024\" height=\"683\" data-id=\"326\" src=\"https:\/\/plethore.fr\/blog\/wp-content\/uploads\/2025\/04\/DSC_0213-1024x683.jpg\" alt=\"\" class=\"wp-image-326\" srcset=\"https:\/\/www.plethorecars.fr\/magazine\/wp-content\/uploads\/2025\/04\/DSC_0213-1024x683.jpg 1024w, https:\/\/www.plethorecars.fr\/magazine\/wp-content\/uploads\/2025\/04\/DSC_0213-300x200.jpg 300w, https:\/\/www.plethorecars.fr\/magazine\/wp-content\/uploads\/2025\/04\/DSC_0213-768x512.jpg 768w, https:\/\/www.plethorecars.fr\/magazine\/wp-content\/uploads\/2025\/04\/DSC_0213-1536x1024.jpg 1536w, https:\/\/www.plethorecars.fr\/magazine\/wp-content\/uploads\/2025\/04\/DSC_0213.jpg 2048w\" sizes=\"auto, (max-width: 1024px) 100vw, 1024px\" \/><\/figure>\n\n\n\n<figure class=\"wp-block-image size-large\"><img loading=\"lazy\" decoding=\"async\" width=\"1024\" height=\"683\" data-id=\"327\" src=\"https:\/\/plethore.fr\/blog\/wp-content\/uploads\/2025\/04\/DSC_0215-1024x683.jpg\" alt=\"\" class=\"wp-image-327\" srcset=\"https:\/\/www.plethorecars.fr\/magazine\/wp-content\/uploads\/2025\/04\/DSC_0215-1024x683.jpg 1024w, https:\/\/www.plethorecars.fr\/magazine\/wp-content\/uploads\/2025\/04\/DSC_0215-300x200.jpg 300w, https:\/\/www.plethorecars.fr\/magazine\/wp-content\/uploads\/2025\/04\/DSC_0215-768x512.jpg 768w, https:\/\/www.plethorecars.fr\/magazine\/wp-content\/uploads\/2025\/04\/DSC_0215-1536x1024.jpg 1536w, https:\/\/www.plethorecars.fr\/magazine\/wp-content\/uploads\/2025\/04\/DSC_0215.jpg 2048w\" sizes=\"auto, (max-width: 1024px) 100vw, 1024px\" \/><\/figure>\n\n\n\n<figure class=\"wp-block-image size-large\"><img loading=\"lazy\" decoding=\"async\" width=\"1024\" height=\"683\" data-id=\"325\" src=\"https:\/\/plethore.fr\/blog\/wp-content\/uploads\/2025\/04\/DSC_0204-1024x683.jpg\" alt=\"\" class=\"wp-image-325\" srcset=\"https:\/\/www.plethorecars.fr\/magazine\/wp-content\/uploads\/2025\/04\/DSC_0204-1024x683.jpg 1024w, https:\/\/www.plethorecars.fr\/magazine\/wp-content\/uploads\/2025\/04\/DSC_0204-300x200.jpg 300w, https:\/\/www.plethorecars.fr\/magazine\/wp-content\/uploads\/2025\/04\/DSC_0204-768x512.jpg 768w, https:\/\/www.plethorecars.fr\/magazine\/wp-content\/uploads\/2025\/04\/DSC_0204-1536x1024.jpg 1536w, https:\/\/www.plethorecars.fr\/magazine\/wp-content\/uploads\/2025\/04\/DSC_0204.jpg 2048w\" sizes=\"auto, (max-width: 1024px) 100vw, 1024px\" \/><\/figure>\n<\/figure>\n\n\n\n<p><strong>Deux ic\u00f4nes sur la pelouse du Ch\u00e2teau des Selves : Plethore Cars expose la Cord Royal 812 by Samco et la Maserati MC Stradale<\/strong><\/p>\n\n\n\n<p>Lors du rassemblement <strong>Midnight Prestige<\/strong> au Ch\u00e2teau des Selves, <strong>Plethore Cars<\/strong> a eu l\u2019honneur de pr\u00e9senter deux mod\u00e8les embl\u00e9matiques, \u00e0 la fois rares et charg\u00e9s d\u2019histoire : une <strong>Cord Royal 812 by Samco<\/strong> et une <strong>Maserati GranTurismo MC Stradale 2 places<\/strong>. Deux styles, deux \u00e9poques, mais une m\u00eame philosophie : l\u2019\u00e9l\u00e9gance, la performance, et le plaisir automobile.<\/p>\n\n\n\n<p><strong>\ud83c\uddfa\ud83c\uddf8 Cord Royal 812 by Samco : l\u2019\u00e9l\u00e9gance n\u00e9o-r\u00e9tro am\u00e9ricaine<\/strong><\/p>\n\n\n\n<p>Imm\u00e9diatement reconnaissable par son style unique, la <strong>Cord Royal 812 by Samco<\/strong> a attir\u00e9 tous les regards. Inspir\u00e9e de la mythique Cord 812 des ann\u00e9es 1930, cette version produite par <strong>Samco<\/strong> dans les ann\u00e9es 1960 rend hommage \u00e0 l\u2019\u00e2ge d\u2019or de l\u2019automobile am\u00e9ricaine. Avec ses ailes sculpt\u00e9es, sa calandre majestueuse et son charme intemporel, elle repr\u00e9sente un morceau d\u2019histoire roulante.<\/p>\n\n\n\n<p>Produite en tr\u00e8s faible quantit\u00e9, cette <strong>reproduction artisanale<\/strong> combine look vintage et m\u00e9canique moderne, offrant ainsi une conduite fiable sans sacrifier le style d\u2019\u00e9poque. Peu connue du grand public, la Cord by Samco est un vrai bijou pour les collectionneurs en qu\u00eate de raret\u00e9 et d\u2019originalit\u00e9.<\/p>\n\n\n\n<p>Durant l\u2019\u00e9v\u00e9nement, elle a \u00e9t\u00e9 l\u2019une des grandes curiosit\u00e9s : de nombreux visiteurs se sont arr\u00eat\u00e9s pour l\u2019admirer, \u00e9changer sur son origine, et immortaliser ce moment avec des photos.<\/p>\n\n\n\n<p><strong>\ud83c\uddee\ud83c\uddf9 Maserati GranTurismo MC Stradale 2 places : la sportive pure-sang<\/strong><\/p>\n\n\n\n<p>\u00c0 ses c\u00f4t\u00e9s, dans un tout autre registre, <strong>la Maserati GranTurismo MC Stradale<\/strong> dans sa version <strong>2 places<\/strong> incarnait la <strong>sportivit\u00e9 italienne \u00e0 l\u2019\u00e9tat brut<\/strong>. D\u00e9velopp\u00e9e par Maserati Corse, cette d\u00e9clinaison radicale de la GranTurismo se distingue par son all\u00e8gement, sa ligne agressive, et sa configuration pens\u00e9e pour la performance.<\/p>\n\n\n\n<p>Sous le capot, le V8 atmosph\u00e9rique Ferrari rugit \u00e0 plus de 450 chevaux, offrant des sensations pures et une sonorit\u00e9 \u00e0 couper le souffle. \u00c0 l\u2019int\u00e9rieur, tout est \u00e9pur\u00e9, pens\u00e9 pour le pilotage : baquets carbone, harnais, ambiance racing \u2014 on est \u00e0 mi-chemin entre la route et le circuit.<\/p>\n\n\n\n<p>C\u2019est cette version extr\u00eame, <strong>d\u00e9nu\u00e9e de banquette arri\u00e8re<\/strong>, qui \u00e9tait expos\u00e9e par Plethore Cars, pour le plus grand bonheur des amateurs de sensations fortes. Elle a captiv\u00e9 les passionn\u00e9s, intrigu\u00e9 les curieux, et fait vibrer les amoureux de m\u00e9canique italienne.<\/p>\n\n\n\n<p><strong>Deux philosophies, une m\u00eame passion<\/strong><\/p>\n\n\n\n<p>En exposant ces deux mod\u00e8les que tout oppose \u2014 <strong>la gr\u00e2ce n\u00e9o-classique de la Cord<\/strong> et <strong>la brutalit\u00e9 sophistiqu\u00e9e de la Maserati<\/strong> \u2014 Plethore Cars a rappel\u00e9 que <strong>la passion automobile n\u2019a pas d\u2019\u00e2ge ni de fronti\u00e8re<\/strong>. Chaque voiture raconte une histoire, et c\u2019est cette diversit\u00e9 qui rend chaque rassemblement unique.<\/p>\n\n\n\n<p>Nous avons \u00e9t\u00e9 fiers de pr\u00e9senter ces deux v\u00e9hicules lors de cet \u00e9v\u00e9nement prestigieux et de les voir susciter autant d\u2019\u00e9motion. Chez Plethore Cars, notre mission est de faire revivre ces pi\u00e8ces rares, de les faire d\u00e9couvrir au public, et de transmettre cette passion qui nous anime chaque jour.<\/p>\n\n\n\n<p>Voici le lien vers notre catalogue : <br>https:\/\/plethore.fr\/voitures-a-vendre<\/p>\n","protected":false},"excerpt":{"rendered":"<p>Plethore Cars au Midnight Prestige : une journ\u00e9e m\u00e9morable entre passionn\u00e9s d\u2019automobile Le dimanche 30 &hellip; <\/p>\n","protected":false},"author":1,"featured_media":324,"comment_status":"closed","ping_status":"open","sticky":false,"template":"","format":"standard","meta":{"footnotes":""},"categories":[19],"tags":[],"class_list":["post-322","post","type-post","status-publish","format-standard","has-post-thumbnail","hentry","category-event"],"_links":{"self":[{"href":"https:\/\/www.plethorecars.fr\/magazine\/wp-json\/wp\/v2\/posts\/322","targetHints":{"allow":["GET"]}}],"collection":[{"href":"https:\/\/www.plethorecars.fr\/magazine\/wp-json\/wp\/v2\/posts"}],"about":[{"href":"https:\/\/www.plethorecars.fr\/magazine\/wp-json\/wp\/v2\/types\/post"}],"author":[{"embeddable":true,"href":"https:\/\/www.plethorecars.fr\/magazine\/wp-json\/wp\/v2\/users\/1"}],"replies":[{"embeddable":true,"href":"https:\/\/www.plethorecars.fr\/magazine\/wp-json\/wp\/v2\/comments?post=322"}],"version-history":[{"count":1,"href":"https:\/\/www.plethorecars.fr\/magazine\/wp-json\/wp\/v2\/posts\/322\/revisions"}],"predecessor-version":[{"id":328,"href":"https:\/\/www.plethorecars.fr\/magazine\/wp-json\/wp\/v2\/posts\/322\/revisions\/328"}],"wp:featuredmedia":[{"embeddable":true,"href":"https:\/\/www.plethorecars.fr\/magazine\/wp-json\/wp\/v2\/media\/324"}],"wp:attachment":[{"href":"https:\/\/www.plethorecars.fr\/magazine\/wp-json\/wp\/v2\/media?parent=322"}],"wp:term":[{"taxonomy":"category","embeddable":true,"href":"https:\/\/www.plethorecars.fr\/magazine\/wp-json\/wp\/v2\/categories?post=322"},{"taxonomy":"post_tag","embeddable":true,"href":"https:\/\/www.plethorecars.fr\/magazine\/wp-json\/wp\/v2\/tags?post=322"}],"curies":[{"name":"wp","href":"https:\/\/api.w.org\/{rel}","templated":true}]}}